{"id":12784,"date":"2022-01-31T09:50:08","date_gmt":"2022-01-31T08:50:08","guid":{"rendered":"https:\/\/www.cornea-franz.de\/klaus-ratz\/"},"modified":"2025-02-19T11:44:22","modified_gmt":"2025-02-19T10:44:22","slug":"klaus-ratz","status":"publish","type":"post","link":"https:\/\/www.cornea-franz.de\/en\/klaus-ratz\/","title":{"rendered":"Klaus Ratz"},"content":{"rendered":"<h4>EDUCATION AND PROFESSIONAL ACTIVITY<\/h4>\n<ul>\n<li>Studied law and economics at Julius-Maximilians-Universit\u00e4t, W\u00fcrzburg<\/li>\n<li>First and Second Legal State Examinations in W\u00fcrzburg<\/li>\n<li>Many years of experience in an auditing company and in law firms specializing in commercial law<\/li>\n<\/ul>\n<h4>MEMBERSHIPS<\/h4>\n<ul>\n<li>Member of the Board of the Unternehmer- und Beraterforums f\u00fcr Handels- und Gesellschaftsrecht e.V. N\u00fcrnberg (Entrepreneur and Consultant Forum for Commercial and Corporate Law)<\/li>\n<li>1st Chairman of the Evangelical Association of Gromb\u00fchl, W\u00fcrzburg<\/li>\n<\/ul>\n<p>Joined our law firm at the <strong>W\u00fcrzburg<\/strong> office in 2015.<\/p>\n","protected":false},"excerpt":{"rendered":"<p>Klaus Ratz verf\u00fcgt als Fachanwalt f\u00fcr Handels- und Gesellschaftsrecht \u00fcber langj\u00e4hrige Erfahrung bei der Betreuung mittelst\u00e4ndiger Unternehmen, einschlie\u00dflich des Kaufs und Verkaufs. <\/p>\n","protected":false},"author":1,"featured_media":11573,"comment_status":"closed","ping_status":"closed","sticky":false,"template":"","format":"standard","meta":{"_acf_changed":false,"_et_pb_use_builder":"","_et_pb_old_content":"","_et_gb_content_width":"","footnotes":""},"categories":[494,425,431,438,415,429,428,492],"tags":[],"class_list":["post-12784","post","type-post","status-publish","format-standard","has-post-thumbnail","hentry","category-attorney","category-corporate-law","category-sales-law","category-tax-law","category-team-membership","category-trade-agent-law","category-trade-law","category-wuerzburg-en"],"acf":[],"_links":{"self":[{"href":"https:\/\/www.cornea-franz.de\/en\/wp-json\/wp\/v2\/posts\/12784","targetHints":{"allow":["GET"]}}],"collection":[{"href":"https:\/\/www.cornea-franz.de\/en\/wp-json\/wp\/v2\/posts"}],"about":[{"href":"https:\/\/www.cornea-franz.de\/en\/wp-json\/wp\/v2\/types\/post"}],"author":[{"embeddable":true,"href":"https:\/\/www.cornea-franz.de\/en\/wp-json\/wp\/v2\/users\/1"}],"replies":[{"embeddable":true,"href":"https:\/\/www.cornea-franz.de\/en\/wp-json\/wp\/v2\/comments?post=12784"}],"version-history":[{"count":4,"href":"https:\/\/www.cornea-franz.de\/en\/wp-json\/wp\/v2\/posts\/12784\/revisions"}],"predecessor-version":[{"id":18248,"href":"https:\/\/www.cornea-franz.de\/en\/wp-json\/wp\/v2\/posts\/12784\/revisions\/18248"}],"wp:featuredmedia":[{"embeddable":true,"href":"https:\/\/www.cornea-franz.de\/en\/wp-json\/wp\/v2\/media\/11573"}],"wp:attachment":[{"href":"https:\/\/www.cornea-franz.de\/en\/wp-json\/wp\/v2\/media?parent=12784"}],"wp:term":[{"taxonomy":"category","embeddable":true,"href":"https:\/\/www.cornea-franz.de\/en\/wp-json\/wp\/v2\/categories?post=12784"},{"taxonomy":"post_tag","embeddable":true,"href":"https:\/\/www.cornea-franz.de\/en\/wp-json\/wp\/v2\/tags?post=12784"}],"curies":[{"name":"wp","href":"https:\/\/api.w.org\/{rel}","templated":true}]}}